{"id":502,"date":"2010-05-25T13:21:12","date_gmt":"2010-05-25T12:21:12","guid":{"rendered":"http:\/\/martin.brunsmann.org\/?p=502"},"modified":"2015-08-05T13:41:23","modified_gmt":"2015-08-05T12:41:23","slug":"steigerlied","status":"publish","type":"post","link":"https:\/\/martin.brunsmann.org\/?p=502","title":{"rendered":"Gl\u00fcck auf, der Steiger kommt!"},"content":{"rendered":"<p style=\"text-align: left;\">Im Rahmen des Kulturhauptstadtjahres <strong>Ruhr.2010<\/strong> erwarten wir alle den 5. Juni 2010.<br \/>\n<em><strong>!SING, der DAY OF SONG<\/strong> <\/em>wird (hoffentlich) viele hunderttausende Menschen im ganzen Revier zum zeitgleichen gemeinsamen Singen zusammenf\u00fchren. Ein landesweites Radiosignal wird der Ausl\u00f6ser sein und den\u00a0Mitsing-Impuls f\u00fcr alle singbegeisterten Menschen geben, ob auf Marktpl\u00e4tzen, auf Schiffen, bei der Arbeit, im Auto oder auch im Krankenhaus oder Altersheim. Alleine oder in der Gemeinschaft werden zwei Lieder\u00a0nacheinander angestimmt: Das\u00a0Bergmannslied <em><strong>&#8222;Gl\u00fcck Auf&#8220;<\/strong><\/em> und die von Herbert Gr\u00f6nemeyer komponierte neue Hymne\u00a0<em><strong>&#8222;Komm zur Ruhr&#8220;<\/strong><\/em>!<br \/>\nMan darf gespannt sein &#8230; und damit keiner eine Ausrede hat findet ihr nachfolgend den Text vom Steigerlied.<\/p>\n<p style=\"text-align: center;\">Gl\u00fcckauf! Gl\u00fcckauf! Der Steiger kommt,<br \/>\nund er hat sein helles Licht bei der Nacht<br \/>\nund er hat sein helles Licht bei der Nacht<br \/>\nschon angez\u00fcnd&#8217;t, schon angez\u00fcnd&#8217;t.<\/p>\n<p style=\"text-align: center;\">Schon angez\u00fcnd&#8217;t. Das wirft sein&#8217;n Schein,<br \/>\nund damit so fahren wir bei der\u00a0Nacht,<br \/>\nund damit so fahren wir bei der\u00a0Nacht,<br \/>\nins Bergwerk n&#8217;ein, ins Bergwerk n&#8217;ein.<\/p>\n<p style=\"text-align: center;\">Ins Bergwerk n&#8217;ein, wo die Bergleut&#8216; sein,<br \/>\ndie da graben das Silber und das Gold, bei der Nacht,<br \/>\ndie da graben das Silber und das Gold, bei der Nacht,<br \/>\naus Felsgestein, aus Felsgestein.<\/p>\n<p style=\"text-align: center;\">Der eine gr\u00e4bt das Silber, der andere gr\u00e4bt das Gold,<br \/>\ndoch dem schwarzbraunen M\u00e4gdelein, bei der Nacht,<br \/>\ndoch dem schwarzbraunen M\u00e4gdelein, bei der Nacht,<br \/>\ndem sein sie hold, dem sein sie hold.<\/p>\n<p style=\"text-align: center;\">Ade, ade, Herzliebste mein!<br \/>\nUnd da drunten im tiefen, finstern Schacht, bei der Nacht,<br \/>\nund da drunten im tiefen, finstern Schacht, bei der Nacht,<br \/>\nda denk&#8216; ich dein, da denk&#8216; ich dein.<\/p>\n<p style=\"text-align: center;\">Und kehr&#8216; ich heim, zum Liebchen mein,<br \/>\ndann erschallet des Bergmanns Gru\u00df, bei der Nacht,<br \/>\ndann erschallet des Bergmanns Gru\u00df, bei der Nacht,<br \/>\nGl\u00fcckauf! Gl\u00fcckauf! Gl\u00fcckauf! Gl\u00fcckauf!<\/p>\n<p style=\"text-align: center;\">Wir Bergleut&#8216; sein, kreuzbrave Leut&#8216;<br \/>\ndenn wir tragen das Leder vor dem Arsch, bei der Nacht,<br \/>\ndenn wir tragen das Leder vor dem Arsch, bei der Nacht,<br \/>\nund saufen Schnaps, und saufen Schnaps.<\/p>\n<p>\u00a0Wer den Song immer schon mal sein eigen nennen wollte\u00a0 \ud83d\ude42\u00a0\u00a0<a href=\"http:\/\/www.amazon.de\/gp\/product\/B001S0PNMQ\/ref=as_li_tl?ie=UTF8&amp;camp=1638&amp;creative=6742&amp;creativeASIN=B001S0PNMQ&amp;linkCode=as2&amp;tag=myregioguide-21&amp;linkId=WXTOAMDBW7LYESQQ\" target=\"_blank\"><u><span style=\"color: #0066cc;\">HIER kann man ihn downloaden<\/span><\/u><\/a>.<\/p>\n<p>TIPP: Den Text zu Gr\u00f6nemeyers <strong>Komm zur Ruhr<\/strong> findet ihr <a href=\"https:\/\/martin.brunsmann.org\/?p=509\">hier in meinem Blog<\/a>!<\/p>\n<p>&nbsp;<\/p>\n","protected":false},"excerpt":{"rendered":"<p>Im Rahmen des Kulturhauptstadtjahres Ruhr.2010 erwarten wir alle den 5. Juni 2010. !SING, der DAY OF SONG wird (hoffentlich) viele hunderttausende Menschen im ganzen Revier zum zeitgleichen gemeinsamen Singen zusammenf\u00fchren. Ein landesweites Radiosignal wird der Ausl\u00f6ser sein und den\u00a0Mitsing-Impuls f\u00fcr &hellip; <a href=\"https:\/\/martin.brunsmann.org\/?p=502\">Weiterlesen <span class=\"meta-nav\">&rarr;<\/span><\/a><\/p>\n","protected":false},"author":1,"featured_media":0,"comment_status":"open","ping_status":"open","sticky":false,"template":"","format":"standard","meta":{"_jetpack_memberships_contains_paid_content":false,"footnotes":""},"categories":[23],"tags":[172,153],"class_list":["post-502","post","type-post","status-publish","format-standard","hentry","category-dies-das","tag-industriekultur","tag-liebeslied"],"jetpack_featured_media_url":"","jetpack_sharing_enabled":true,"_links":{"self":[{"href":"https:\/\/martin.brunsmann.org\/index.php?rest_route=\/wp\/v2\/posts\/502","targetHints":{"allow":["GET"]}}],"collection":[{"href":"https:\/\/martin.brunsmann.org\/index.php?rest_route=\/wp\/v2\/posts"}],"about":[{"href":"https:\/\/martin.brunsmann.org\/index.php?rest_route=\/wp\/v2\/types\/post"}],"author":[{"embeddable":true,"href":"https:\/\/martin.brunsmann.org\/index.php?rest_route=\/wp\/v2\/users\/1"}],"replies":[{"embeddable":true,"href":"https:\/\/martin.brunsmann.org\/index.php?rest_route=%2Fwp%2Fv2%2Fcomments&post=502"}],"version-history":[{"count":9,"href":"https:\/\/martin.brunsmann.org\/index.php?rest_route=\/wp\/v2\/posts\/502\/revisions"}],"predecessor-version":[{"id":667,"href":"https:\/\/martin.brunsmann.org\/index.php?rest_route=\/wp\/v2\/posts\/502\/revisions\/667"}],"wp:attachment":[{"href":"https:\/\/martin.brunsmann.org\/index.php?rest_route=%2Fwp%2Fv2%2Fmedia&parent=502"}],"wp:term":[{"taxonomy":"category","embeddable":true,"href":"https:\/\/martin.brunsmann.org\/index.php?rest_route=%2Fwp%2Fv2%2Fcategories&post=502"},{"taxonomy":"post_tag","embeddable":true,"href":"https:\/\/martin.brunsmann.org\/index.php?rest_route=%2Fwp%2Fv2%2Ftags&post=502"}],"curies":[{"name":"wp","href":"https:\/\/api.w.org\/{rel}","templated":true}]}}