{"id":367,"date":"2013-12-22T13:30:56","date_gmt":"2013-12-22T12:30:56","guid":{"rendered":"http:\/\/martin.brunsmann.org\/?p=367"},"modified":"2013-12-23T18:54:44","modified_gmt":"2013-12-23T17:54:44","slug":"kein-weihnachten-ohne-das-soester-gloria","status":"publish","type":"post","link":"https:\/\/martin.brunsmann.org\/?p=367","title":{"rendered":"Kein Weihnachten ohne &#8222;Soester Gloria&#8220;"},"content":{"rendered":"<p><strong><\/strong>Von den beiden Kirchen im Zentrum von Soest ist <strong>St. Petri<\/strong> unscheinbarer,\u00a0aber bedeutend \u00e4lter. Deshalb tr\u00e4gt sie auch oftmals den Beinamen <em>Alde Kerke<\/em>. Der Gr\u00fcndungsbau wurde bereits um das Jahr 800 errichtet, die heutige romanische Basilika wurde um das Jahr 1170 geweiht und im 14. Jahrhundert um einen gotischen Chor erg\u00e4nzt. Im Jahr 1709 erhielt der Turm eine dreist\u00f6ckige barocke Haube, von der aus an jedem Heiligabend das <strong>Soester Gloria<\/strong> gesungen und gespielt wird.<\/p>\n<div id=\"attachment_437\" style=\"width: 1034px\" class=\"wp-caption aligncenter\"><a href=\"https:\/\/martin.brunsmann.org\/wp-content\/uploads\/2013\/12\/Soest-St-Petri-00-Treppe.jpg\"><img loading=\"lazy\" decoding=\"async\" aria-describedby=\"caption-attachment-437\" class=\"size-full wp-image-437\" alt=\"Hier muss auch der Bl\u00e4ser mit der gro\u00dfen Tuba durch ...\" src=\"https:\/\/martin.brunsmann.org\/wp-content\/uploads\/2013\/12\/Soest-St-Petri-00-Treppe.jpg\" width=\"1024\" height=\"768\" srcset=\"https:\/\/martin.brunsmann.org\/wp-content\/uploads\/2013\/12\/Soest-St-Petri-00-Treppe.jpg 1024w, https:\/\/martin.brunsmann.org\/wp-content\/uploads\/2013\/12\/Soest-St-Petri-00-Treppe-200x150.jpg 200w, https:\/\/martin.brunsmann.org\/wp-content\/uploads\/2013\/12\/Soest-St-Petri-00-Treppe-400x300.jpg 400w, https:\/\/martin.brunsmann.org\/wp-content\/uploads\/2013\/12\/Soest-St-Petri-00-Treppe-800x600.jpg 800w\" sizes=\"auto, (max-width: 1024px) 100vw, 1024px\" \/><\/a><p id=\"caption-attachment-437\" class=\"wp-caption-text\">Hier muss auch der Bl\u00e4ser mit der gro\u00dfen Tuba durch &#8230;<\/p><\/div>\n<p>Ein\u00a0Weihnachtsfest ohne das Soester Gloria ist f\u00fcr viele Soester und auch mittlerweile Bewohner aus dem Umland (meine Person eingeschlossen) gar nicht vorstellbar. Bereits seit \u00fcber 300 Jahren gibt es diesen Brauch. Dazu versammeln sich einige tausend Menschen nach der Christvesper kurz vor 19.00 Uhr auf dem verdunkelten Petrikirchplatz, den Nebenstra\u00dfen und -gassen, um dem Sch\u00fclerchor vom Archigymnasium und den Bl\u00e4sern zuzuh\u00f6ren. S\u00e4mtliche Lichter (Stra\u00dfen- und Hausbeleuchtung) rund um die Alde Kerke sind erloschen, lediglich die Laternen der S\u00e4nger auf der Empore des\u00a0 Kirchturms von St. Petri leuchten.<br \/>\nDann geht es los: Die sieben Schl\u00e4ge des Stundengel\u00e4uts, ein kleine Augenblick herrscht noch Stille,\u00a0 dann beginnen die Bl\u00e4ser zu spielen, kurz darauf setzen die S\u00e4nger ein:\u00a0<em>Gloria in excelsis Deo!\u00a0&#8211; Ehre sei Gott in der H\u00f6he und Friede auf Erden den Menschen seiner Gnade.<\/em> Darauf folgen die ersten beiden Strophen des Liedes von Christian F\u00fcchtegott Gellert <em>Dies ist der Tag,\u00a0den Gott gemacht<\/em>, dann erneut das Gloria und zum Schluss die letzten beiden Strophen des Liedes. Dabei wechseln Chor und Bl\u00e4ser zwischendurch\u00a0jeweils die Turmseiten (Westen &#8211; Norden &#8211; Osten &#8211; S\u00fcden), so dass die weihnachtliche Lobpreisung am Ende in alle vier Himmelsrichtungen erklungen ist.<\/p>\n<p>Nach der letzten Strophe setzt zun\u00e4chst das Glockengel\u00e4ut von <strong>St. Patrokli<\/strong> ein, dann folgen nach und nach alle anderen Soester Kirchen. Kurz vorher schallt es noch <em><strong>Frohe Weihnachten<\/strong><\/em> vom Turm herunter, <em><strong>Frohe Weihnachten<\/strong><\/em> ruft die Menge unten zur\u00fcck und begibt\u00a0sich dann stimmungsvoll vorbereitet auf den Weg zum heimatlichen Weihnachtsabend.<\/p>\n<p>Standort:<br \/>\nPetrikirchplatz, zwischen Petristra\u00dfe, Rathausstra\u00dfe und Hospitalgasse, 59494 Soest<\/p>\n","protected":false},"excerpt":{"rendered":"<p>Von den beiden Kirchen im Zentrum von Soest ist St. Petri unscheinbarer,\u00a0aber bedeutend \u00e4lter. Deshalb tr\u00e4gt sie auch oftmals den Beinamen Alde Kerke. Der Gr\u00fcndungsbau wurde bereits um das Jahr 800 errichtet, die heutige romanische Basilika wurde um das Jahr &hellip; <a href=\"https:\/\/martin.brunsmann.org\/?p=367\">Weiterlesen <span class=\"meta-nav\">&rarr;<\/span><\/a><\/p>\n","protected":false},"author":1,"featured_media":0,"comment_status":"open","ping_status":"open","sticky":false,"template":"","format":"standard","meta":{"_jetpack_memberships_contains_paid_content":false,"footnotes":""},"categories":[23,65,141,8],"tags":[148,149],"class_list":["post-367","post","type-post","status-publish","format-standard","hentry","category-dies-das","category-sakralbauten","category-sudwestfalen","category-veranstaltungen","tag-soest","tag-weihnachten"],"jetpack_featured_media_url":"","jetpack_sharing_enabled":true,"_links":{"self":[{"href":"https:\/\/martin.brunsmann.org\/index.php?rest_route=\/wp\/v2\/posts\/367","targetHints":{"allow":["GET"]}}],"collection":[{"href":"https:\/\/martin.brunsmann.org\/index.php?rest_route=\/wp\/v2\/posts"}],"about":[{"href":"https:\/\/martin.brunsmann.org\/index.php?rest_route=\/wp\/v2\/types\/post"}],"author":[{"embeddable":true,"href":"https:\/\/martin.brunsmann.org\/index.php?rest_route=\/wp\/v2\/users\/1"}],"replies":[{"embeddable":true,"href":"https:\/\/martin.brunsmann.org\/index.php?rest_route=%2Fwp%2Fv2%2Fcomments&post=367"}],"version-history":[{"count":6,"href":"https:\/\/martin.brunsmann.org\/index.php?rest_route=\/wp\/v2\/posts\/367\/revisions"}],"predecessor-version":[{"id":512,"href":"https:\/\/martin.brunsmann.org\/index.php?rest_route=\/wp\/v2\/posts\/367\/revisions\/512"}],"wp:attachment":[{"href":"https:\/\/martin.brunsmann.org\/index.php?rest_route=%2Fwp%2Fv2%2Fmedia&parent=367"}],"wp:term":[{"taxonomy":"category","embeddable":true,"href":"https:\/\/martin.brunsmann.org\/index.php?rest_route=%2Fwp%2Fv2%2Fcategories&post=367"},{"taxonomy":"post_tag","embeddable":true,"href":"https:\/\/martin.brunsmann.org\/index.php?rest_route=%2Fwp%2Fv2%2Ftags&post=367"}],"curies":[{"name":"wp","href":"https:\/\/api.w.org\/{rel}","templated":true}]}}